{"id":2828,"date":"2012-11-13T23:04:26","date_gmt":"2012-11-13T22:04:26","guid":{"rendered":"https:\/\/www.sebald.com\/?p=2828"},"modified":"2012-11-13T23:04:26","modified_gmt":"2012-11-13T22:04:26","slug":"umweltbundesamt-chef-geraete-mit-fest-eingebautem-akku-verbieten","status":"publish","type":"post","link":"https:\/\/www.sebald.com\/en\/2012\/11\/13\/umweltbundesamt-chef-geraete-mit-fest-eingebautem-akku-verbieten\/","title":{"rendered":"Umweltbundesamt-Chef: Ger\u00e4te mit fest eingebautem Akku verbieten"},"content":{"rendered":"<p><a href=\"http:\/\/www.heise.de\/newsticker\/meldung\/Umweltbundesamt-Chef-Geraete-mit-fest-eingebautem-Akku-verbieten-1748458.html\" target=\"_blank\">Das klingt wie Musik in meinen Ohren!<\/a> Ich bin also doch nicht der einzige Bekloppte auf der ganzen weiten Welt, der fest eingebaute Akkus in allen Belangen zum kotzen findet und unter anderem deswegen Apple absolut nicht ab kann. Schade nur, dass die o.g. Bem\u00fchungen wohl keinen Erfolg in der heutigen Zeit haben&#8230;<\/p>\n<p>Was genau so schlimm wie die pure Idee von Apple, in ihre Ger\u00e4te die Akkus fest zu verbauen, an sich ist: Die anderen Hersteller merken, dass man mit nettem Design und Features die lemmingartigen Consumer blenden und auch die eigenen Akkus fest verbauen kann. Das wiederrum bringt Apple mit den neuen Macbooks auf die Idee, nicht nur Akkus, sondern auch Display, Prozessor, Arbeitsspeicher und Festplatte fest zu verbauen und sogar zu verkleben bzw zu verl\u00f6ten. So ist gar nichts mehr tauschbar und der Kunde erh\u00e4lt ein 100%iges Einwegger\u00e4t.<\/p>\n","protected":false},"excerpt":{"rendered":"<p>Das klingt wie Musik in meinen Ohren! Ich bin also doch nicht der einzige Bekloppte auf der ganzen weiten Welt, der fest eingebaute Akkus in allen Belangen zum kotzen findet und unter anderem deswegen Apple absolut nicht ab kann. Schade nur, dass die o.g. Bem\u00fchungen wohl keinen Erfolg in der heutigen Zeit haben&#8230; Was genau &hellip; <a href=\"https:\/\/www.sebald.com\/en\/2012\/11\/13\/umweltbundesamt-chef-geraete-mit-fest-eingebautem-akku-verbieten\/\" class=\"more-link\">Continue reading<span class=\"screen-reader-text\"> &#8220;Umweltbundesamt-Chef: Ger\u00e4te mit fest eingebautem Akku verbieten&#8221;<\/span><\/a><\/p>\n","protected":false},"author":1,"featured_media":0,"comment_status":"open","ping_status":"open","sticky":false,"template":"","format":"standard","meta":{"ngg_post_thumbnail":0,"webmentions_disabled_pings":false,"webmentions_disabled":false,"footnotes":"","_links_to":"","_links_to_target":""},"categories":[22],"tags":[1116,1094],"class_list":["post-2828","post","type-post","status-publish","format-standard","hentry","category-hardware","tag-apple","tag-hardware"],"yoast_head":"<!-- This site is optimized with the Yoast SEO plugin v27.4 - https:\/\/yoast.com\/product\/yoast-seo-wordpress\/ -->\n<title>Umweltbundesamt-Chef: Ger\u00e4te mit fest eingebautem Akku verbieten - Sebald.com<\/title>\n<meta name=\"robots\" content=\"index, follow, max-snippet:-1, max-image-preview:large, max-video-preview:-1, noarchive\" \/>\n<link rel=\"canonical\" href=\"https:\/\/www.sebald.com\/2012\/11\/13\/umweltbundesamt-chef-geraete-mit-fest-eingebautem-akku-verbieten\/\" \/>\n<meta property=\"og:locale\" content=\"en_US\" \/>\n<meta property=\"og:type\" content=\"article\" \/>\n<meta property=\"og:title\" content=\"Umweltbundesamt-Chef: Ger\u00e4te mit fest eingebautem Akku verbieten - Sebald.com\" \/>\n<meta property=\"og:description\" content=\"Das klingt wie Musik in meinen Ohren! Ich bin also doch nicht der einzige Bekloppte auf der ganzen weiten Welt, der fest eingebaute Akkus in allen Belangen zum kotzen findet und unter anderem deswegen Apple absolut nicht ab kann. Schade nur, dass die o.g. Bem\u00fchungen wohl keinen Erfolg in der heutigen Zeit haben&#8230; Was genau &hellip; Continue reading &quot;Umweltbundesamt-Chef: Ger\u00e4te mit fest eingebautem Akku verbieten&quot;\" \/>\n<meta property=\"og:url\" content=\"https:\/\/www.sebald.com\/2012\/11\/13\/umweltbundesamt-chef-geraete-mit-fest-eingebautem-akku-verbieten\/\" \/>\n<meta property=\"og:site_name\" content=\"Sebald.com\" \/>\n<meta property=\"article:publisher\" content=\"https:\/\/www.facebook.com\/martin.sebald\" \/>\n<meta property=\"article:author\" content=\"https:\/\/www.facebook.com\/martin.sebald\" \/>\n<meta property=\"article:published_time\" content=\"2012-11-13T22:04:26+00:00\" \/>\n<meta name=\"author\" content=\"Martin\" \/>\n<meta name=\"twitter:card\" content=\"summary_large_image\" \/>\n<meta name=\"twitter:creator\" content=\"@msebald\" \/>\n<meta name=\"twitter:site\" content=\"@msebald\" \/>\n<meta name=\"twitter:label1\" content=\"Written by\" \/>\n\t<meta name=\"twitter:data1\" content=\"Martin\" \/>\n\t<meta name=\"twitter:label2\" content=\"Est. reading time\" \/>\n\t<meta name=\"twitter:data2\" content=\"1 minute\" \/>\n<script type=\"application\/ld+json\" class=\"yoast-schema-graph\">{\"@context\":\"https:\\\/\\\/schema.org\",\"@graph\":[{\"@type\":\"Article\",\"@id\":\"https:\\\/\\\/www.sebald.com\\\/2012\\\/11\\\/13\\\/umweltbundesamt-chef-geraete-mit-fest-eingebautem-akku-verbieten\\\/#article\",\"isPartOf\":{\"@id\":\"https:\\\/\\\/www.sebald.com\\\/2012\\\/11\\\/13\\\/umweltbundesamt-chef-geraete-mit-fest-eingebautem-akku-verbieten\\\/\"},\"author\":{\"name\":\"Martin\",\"@id\":\"https:\\\/\\\/www.sebald.com\\\/#\\\/schema\\\/person\\\/a765dc617278a78eab972845de6fc0bd\"},\"headline\":\"Umweltbundesamt-Chef: Ger\u00e4te mit fest eingebautem Akku verbieten\",\"datePublished\":\"2012-11-13T22:04:26+00:00\",\"mainEntityOfPage\":{\"@id\":\"https:\\\/\\\/www.sebald.com\\\/2012\\\/11\\\/13\\\/umweltbundesamt-chef-geraete-mit-fest-eingebautem-akku-verbieten\\\/\"},\"wordCount\":155,\"commentCount\":0,\"publisher\":{\"@id\":\"https:\\\/\\\/www.sebald.com\\\/#\\\/schema\\\/person\\\/a765dc617278a78eab972845de6fc0bd\"},\"keywords\":[\"Apple\",\"Hardware\"],\"articleSection\":[\"Hardware\"],\"inLanguage\":\"en-US\",\"potentialAction\":[{\"@type\":\"CommentAction\",\"name\":\"Comment\",\"target\":[\"https:\\\/\\\/www.sebald.com\\\/2012\\\/11\\\/13\\\/umweltbundesamt-chef-geraete-mit-fest-eingebautem-akku-verbieten\\\/#respond\"]}]},{\"@type\":\"WebPage\",\"@id\":\"https:\\\/\\\/www.sebald.com\\\/2012\\\/11\\\/13\\\/umweltbundesamt-chef-geraete-mit-fest-eingebautem-akku-verbieten\\\/\",\"url\":\"https:\\\/\\\/www.sebald.com\\\/2012\\\/11\\\/13\\\/umweltbundesamt-chef-geraete-mit-fest-eingebautem-akku-verbieten\\\/\",\"name\":\"Umweltbundesamt-Chef: Ger\u00e4te mit fest eingebautem Akku verbieten - Sebald.com\",\"isPartOf\":{\"@id\":\"https:\\\/\\\/www.sebald.com\\\/#website\"},\"datePublished\":\"2012-11-13T22:04:26+00:00\",\"breadcrumb\":{\"@id\":\"https:\\\/\\\/www.sebald.com\\\/2012\\\/11\\\/13\\\/umweltbundesamt-chef-geraete-mit-fest-eingebautem-akku-verbieten\\\/#breadcrumb\"},\"inLanguage\":\"en-US\",\"potentialAction\":[{\"@type\":\"ReadAction\",\"target\":[\"https:\\\/\\\/www.sebald.com\\\/2012\\\/11\\\/13\\\/umweltbundesamt-chef-geraete-mit-fest-eingebautem-akku-verbieten\\\/\"]}]},{\"@type\":\"BreadcrumbList\",\"@id\":\"https:\\\/\\\/www.sebald.com\\\/2012\\\/11\\\/13\\\/umweltbundesamt-chef-geraete-mit-fest-eingebautem-akku-verbieten\\\/#breadcrumb\",\"itemListElement\":[{\"@type\":\"ListItem\",\"position\":1,\"name\":\"Home\",\"item\":\"https:\\\/\\\/www.sebald.com\\\/\"},{\"@type\":\"ListItem\",\"position\":2,\"name\":\"Hardware\",\"item\":\"https:\\\/\\\/www.sebald.com\\\/category\\\/hardware\\\/\"},{\"@type\":\"ListItem\",\"position\":3,\"name\":\"Umweltbundesamt-Chef: Ger\u00e4te mit fest eingebautem Akku verbieten\"}]},{\"@type\":\"WebSite\",\"@id\":\"https:\\\/\\\/www.sebald.com\\\/#website\",\"url\":\"https:\\\/\\\/www.sebald.com\\\/\",\"name\":\"Sebald.com\",\"description\":\"Cyberworld, trips, scuba diving, American license plates and more\",\"publisher\":{\"@id\":\"https:\\\/\\\/www.sebald.com\\\/#\\\/schema\\\/person\\\/a765dc617278a78eab972845de6fc0bd\"},\"potentialAction\":[{\"@type\":\"SearchAction\",\"target\":{\"@type\":\"EntryPoint\",\"urlTemplate\":\"https:\\\/\\\/www.sebald.com\\\/?s={search_term_string}\"},\"query-input\":{\"@type\":\"PropertyValueSpecification\",\"valueRequired\":true,\"valueName\":\"search_term_string\"}}],\"inLanguage\":\"en-US\"},{\"@type\":[\"Person\",\"Organization\"],\"@id\":\"https:\\\/\\\/www.sebald.com\\\/#\\\/schema\\\/person\\\/a765dc617278a78eab972845de6fc0bd\",\"name\":\"Martin\",\"image\":{\"@type\":\"ImageObject\",\"inLanguage\":\"en-US\",\"@id\":\"https:\\\/\\\/static.sebald.com\\\/wp-content\\\/uploads\\\/sebald-header_platzhalter.jpg\",\"url\":\"https:\\\/\\\/static.sebald.com\\\/wp-content\\\/uploads\\\/sebald-header_platzhalter.jpg\",\"contentUrl\":\"https:\\\/\\\/static.sebald.com\\\/wp-content\\\/uploads\\\/sebald-header_platzhalter.jpg\",\"width\":1200,\"height\":280,\"caption\":\"Martin\"},\"logo\":{\"@id\":\"https:\\\/\\\/static.sebald.com\\\/wp-content\\\/uploads\\\/sebald-header_platzhalter.jpg\"},\"sameAs\":[\"https:\\\/\\\/www.sebald.com\",\"https:\\\/\\\/www.facebook.com\\\/martin.sebald\",\"https:\\\/\\\/www.instagram.com\\\/martinsebald\\\/\",\"https:\\\/\\\/www.linkedin.com\\\/in\\\/martin-sebald-854832bb\",\"https:\\\/\\\/x.com\\\/msebald\",\"https:\\\/\\\/www.youtube.com\\\/user\\\/msebald\"],\"url\":\"https:\\\/\\\/www.sebald.com\\\/en\\\/author\\\/admin\\\/\"}]}<\/script>\n<!-- \/ Yoast SEO plugin. -->","yoast_head_json":{"title":"Umweltbundesamt-Chef: Ger\u00e4te mit fest eingebautem Akku verbieten - Sebald.com","robots":{"index":"index","follow":"follow","max-snippet":"max-snippet:-1","max-image-preview":"max-image-preview:large","max-video-preview":"max-video-preview:-1","archive":"noarchive"},"canonical":"https:\/\/www.sebald.com\/2012\/11\/13\/umweltbundesamt-chef-geraete-mit-fest-eingebautem-akku-verbieten\/","og_locale":"en_US","og_type":"article","og_title":"Umweltbundesamt-Chef: Ger\u00e4te mit fest eingebautem Akku verbieten - Sebald.com","og_description":"Das klingt wie Musik in meinen Ohren! Ich bin also doch nicht der einzige Bekloppte auf der ganzen weiten Welt, der fest eingebaute Akkus in allen Belangen zum kotzen findet und unter anderem deswegen Apple absolut nicht ab kann. Schade nur, dass die o.g. Bem\u00fchungen wohl keinen Erfolg in der heutigen Zeit haben&#8230; Was genau &hellip; Continue reading \"Umweltbundesamt-Chef: Ger\u00e4te mit fest eingebautem Akku verbieten\"","og_url":"https:\/\/www.sebald.com\/2012\/11\/13\/umweltbundesamt-chef-geraete-mit-fest-eingebautem-akku-verbieten\/","og_site_name":"Sebald.com","article_publisher":"https:\/\/www.facebook.com\/martin.sebald","article_author":"https:\/\/www.facebook.com\/martin.sebald","article_published_time":"2012-11-13T22:04:26+00:00","author":"Martin","twitter_card":"summary_large_image","twitter_creator":"@msebald","twitter_site":"@msebald","twitter_misc":{"Written by":"Martin","Est. reading time":"1 minute"},"schema":{"@context":"https:\/\/schema.org","@graph":[{"@type":"Article","@id":"https:\/\/www.sebald.com\/2012\/11\/13\/umweltbundesamt-chef-geraete-mit-fest-eingebautem-akku-verbieten\/#article","isPartOf":{"@id":"https:\/\/www.sebald.com\/2012\/11\/13\/umweltbundesamt-chef-geraete-mit-fest-eingebautem-akku-verbieten\/"},"author":{"name":"Martin","@id":"https:\/\/www.sebald.com\/#\/schema\/person\/a765dc617278a78eab972845de6fc0bd"},"headline":"Umweltbundesamt-Chef: Ger\u00e4te mit fest eingebautem Akku verbieten","datePublished":"2012-11-13T22:04:26+00:00","mainEntityOfPage":{"@id":"https:\/\/www.sebald.com\/2012\/11\/13\/umweltbundesamt-chef-geraete-mit-fest-eingebautem-akku-verbieten\/"},"wordCount":155,"commentCount":0,"publisher":{"@id":"https:\/\/www.sebald.com\/#\/schema\/person\/a765dc617278a78eab972845de6fc0bd"},"keywords":["Apple","Hardware"],"articleSection":["Hardware"],"inLanguage":"en-US","potentialAction":[{"@type":"CommentAction","name":"Comment","target":["https:\/\/www.sebald.com\/2012\/11\/13\/umweltbundesamt-chef-geraete-mit-fest-eingebautem-akku-verbieten\/#respond"]}]},{"@type":"WebPage","@id":"https:\/\/www.sebald.com\/2012\/11\/13\/umweltbundesamt-chef-geraete-mit-fest-eingebautem-akku-verbieten\/","url":"https:\/\/www.sebald.com\/2012\/11\/13\/umweltbundesamt-chef-geraete-mit-fest-eingebautem-akku-verbieten\/","name":"Umweltbundesamt-Chef: Ger\u00e4te mit fest eingebautem Akku verbieten - Sebald.com","isPartOf":{"@id":"https:\/\/www.sebald.com\/#website"},"datePublished":"2012-11-13T22:04:26+00:00","breadcrumb":{"@id":"https:\/\/www.sebald.com\/2012\/11\/13\/umweltbundesamt-chef-geraete-mit-fest-eingebautem-akku-verbieten\/#breadcrumb"},"inLanguage":"en-US","potentialAction":[{"@type":"ReadAction","target":["https:\/\/www.sebald.com\/2012\/11\/13\/umweltbundesamt-chef-geraete-mit-fest-eingebautem-akku-verbieten\/"]}]},{"@type":"BreadcrumbList","@id":"https:\/\/www.sebald.com\/2012\/11\/13\/umweltbundesamt-chef-geraete-mit-fest-eingebautem-akku-verbieten\/#breadcrumb","itemListElement":[{"@type":"ListItem","position":1,"name":"Home","item":"https:\/\/www.sebald.com\/"},{"@type":"ListItem","position":2,"name":"Hardware","item":"https:\/\/www.sebald.com\/category\/hardware\/"},{"@type":"ListItem","position":3,"name":"Umweltbundesamt-Chef: Ger\u00e4te mit fest eingebautem Akku verbieten"}]},{"@type":"WebSite","@id":"https:\/\/www.sebald.com\/#website","url":"https:\/\/www.sebald.com\/","name":"Sebald.com","description":"Cyberworld, trips, scuba diving, American license plates and more","publisher":{"@id":"https:\/\/www.sebald.com\/#\/schema\/person\/a765dc617278a78eab972845de6fc0bd"},"potentialAction":[{"@type":"SearchAction","target":{"@type":"EntryPoint","urlTemplate":"https:\/\/www.sebald.com\/?s={search_term_string}"},"query-input":{"@type":"PropertyValueSpecification","valueRequired":true,"valueName":"search_term_string"}}],"inLanguage":"en-US"},{"@type":["Person","Organization"],"@id":"https:\/\/www.sebald.com\/#\/schema\/person\/a765dc617278a78eab972845de6fc0bd","name":"Martin","image":{"@type":"ImageObject","inLanguage":"en-US","@id":"https:\/\/static.sebald.com\/wp-content\/uploads\/sebald-header_platzhalter.jpg","url":"https:\/\/static.sebald.com\/wp-content\/uploads\/sebald-header_platzhalter.jpg","contentUrl":"https:\/\/static.sebald.com\/wp-content\/uploads\/sebald-header_platzhalter.jpg","width":1200,"height":280,"caption":"Martin"},"logo":{"@id":"https:\/\/static.sebald.com\/wp-content\/uploads\/sebald-header_platzhalter.jpg"},"sameAs":["https:\/\/www.sebald.com","https:\/\/www.facebook.com\/martin.sebald","https:\/\/www.instagram.com\/martinsebald\/","https:\/\/www.linkedin.com\/in\/martin-sebald-854832bb","https:\/\/x.com\/msebald","https:\/\/www.youtube.com\/user\/msebald"],"url":"https:\/\/www.sebald.com\/en\/author\/admin\/"}]}},"_links":{"self":[{"href":"https:\/\/www.sebald.com\/en\/wp-json\/wp\/v2\/posts\/2828","targetHints":{"allow":["GET"]}}],"collection":[{"href":"https:\/\/www.sebald.com\/en\/wp-json\/wp\/v2\/posts"}],"about":[{"href":"https:\/\/www.sebald.com\/en\/wp-json\/wp\/v2\/types\/post"}],"author":[{"embeddable":true,"href":"https:\/\/www.sebald.com\/en\/wp-json\/wp\/v2\/users\/1"}],"replies":[{"embeddable":true,"href":"https:\/\/www.sebald.com\/en\/wp-json\/wp\/v2\/comments?post=2828"}],"version-history":[{"count":0,"href":"https:\/\/www.sebald.com\/en\/wp-json\/wp\/v2\/posts\/2828\/revisions"}],"wp:attachment":[{"href":"https:\/\/www.sebald.com\/en\/wp-json\/wp\/v2\/media?parent=2828"}],"wp:term":[{"taxonomy":"category","embeddable":true,"href":"https:\/\/www.sebald.com\/en\/wp-json\/wp\/v2\/categories?post=2828"},{"taxonomy":"post_tag","embeddable":true,"href":"https:\/\/www.sebald.com\/en\/wp-json\/wp\/v2\/tags?post=2828"}],"curies":[{"name":"wp","href":"https:\/\/api.w.org\/{rel}","templated":true}]}}